{"id":984,"date":"2022-01-20T12:23:40","date_gmt":"2022-01-20T10:23:40","guid":{"rendered":"http:\/\/www.jaeb-guetersloh.de\/?p=984"},"modified":"2022-02-02T19:48:01","modified_gmt":"2022-02-02T17:48:01","slug":"corona-infos","status":"publish","type":"post","link":"http:\/\/www.jaeb-guetersloh.de\/?p=984","title":{"rendered":"Corona-Infos"},"content":{"rendered":"\n<figure class=\"wp-block-gallery has-nested-images columns-default is-cropped wp-block-gallery-1 is-layout-flex wp-block-gallery-is-layout-flex\">\n<figure class=\"wp-block-image size-large\"><a href=\"http:\/\/www.jaeb-guetersloh.de\/wp-content\/uploads\/2022\/01\/IMG_6930-002.jpg\"><img loading=\"lazy\" decoding=\"async\" width=\"960\" height=\"960\" data-id=\"890\" src=\"http:\/\/www.jaeb-guetersloh.de\/wp-content\/uploads\/2022\/01\/IMG_6930-002.jpg\" alt=\"sei Aktiv\" class=\"wp-image-890\" srcset=\"http:\/\/www.jaeb-guetersloh.de\/wp-content\/uploads\/2022\/01\/IMG_6930-002.jpg 960w, http:\/\/www.jaeb-guetersloh.de\/wp-content\/uploads\/2022\/01\/IMG_6930-002-300x300.jpg 300w, http:\/\/www.jaeb-guetersloh.de\/wp-content\/uploads\/2022\/01\/IMG_6930-002-150x150.jpg 150w, http:\/\/www.jaeb-guetersloh.de\/wp-content\/uploads\/2022\/01\/IMG_6930-002-768x768.jpg 768w, http:\/\/www.jaeb-guetersloh.de\/wp-content\/uploads\/2022\/01\/IMG_6930-002-600x600.jpg 600w, http:\/\/www.jaeb-guetersloh.de\/wp-content\/uploads\/2022\/01\/IMG_6930-002-100x100.jpg 100w\" sizes=\"auto, (max-width: 960px) 100vw, 960px\" \/><\/a><\/figure>\n<\/figure>\n\n\n\n<p class=\"has-text-align-center\">Liebe Mamas, liebe Papas, liebe Eltern<br>und Gro\u00dfeltern, Onkel und Tanten \u2013&nbsp;<\/p>\n\n\n\n<p class=\"has-text-align-center\">Die Coronapandemie h\u00e4lt die Welt und all ihre Bewohner:innen weiterhin in Atem.<br>Eine 4. Welle, hohe Infektionszahlen, neue Virusvarianten..<br>Wichtig neben dem Infektionsschutz aus unserer Sicht: Schutz und Sicherung der (fr\u00fch)kindlichen Lebenswelten und Schutzr\u00e4ume.<br>Kitas sollen weiterhin im Regelbetrieb ge\u00f6ffnet bleiben!<br>F\u00fcr die Kinder sollen ein gr\u00f6\u00dftm\u00f6gliches Ma\u00df an Normalit\u00e4t und in der Folge Struktur, Sicherheit<br>und Unbeschwertheit bestehen bleiben.<br>Was k\u00f6nnen wir tun? Neben der Einhaltung der bereits hinl\u00e4nglich bekannten Abstands- und Hygieneregeln<br>m\u00f6chten wir an dieser Stelle an euch alle appellieren:<br>Bitte lasst euch impfen und nehmt schnellstm\u00f6glich Angebote zur<br>Auffrischungsimpfung wahr.<br>Ihr sch\u00fctzt damit euch und eben auch andere, Ansteckungen<br>werden reduziert, schwere Verl\u00e4ufe der Erkrankung verhindert.<br>Nutzt bitte au\u00dferdem das Angebot der freiwilligen Antigentests (Selbsttests) zur<br>fr\u00fchzeitigen Unterbrechung von Infektionsketten.<br>Testet die Kids entspannt und altersangemessen \u2013 spielerisch \u2013 zu Hause, gerade jetzt, wo ein<br>Infekt vom n\u00e4chsten abgel\u00f6st wird.<br>Wir sind \u00fcberzeugt: Es geht vorbei, es ist eine Phase..!<br><br>Am besten aufgestellt sind wir zusammen!<\/p>\n\n\n\n<p><\/p>\n\n\n\n<p><\/p>\n\n\n\n<p>Hier findet ihr Corona-Infos, die die Kitas in G\u00fctersloh betreffen<\/p>\n\n\n\n<p><a href=\"https:\/\/www.guetersloh.de\/de\/rathaus\/presseportal\/news\/meldungen\/lolli-test-appell-kita-kinder.php\">Stadt appelliert an Eltern, Kita-Kinder konsequent zu testen<\/a><\/p>\n\n\n\n<p><a href=\"https:\/\/www.mkffi.nrw\/sites\/default\/files\/asset\/document\/20210224_offizielle_informationen_kinderkrankengeld_und_betreuungsentschadigung.pdf\">Offizielle Informationen zu Kinderkrankengeld und Betreuungsentsch\u00e4digung<\/a><\/p>\n\n\n\n<p><a href=\"https:\/\/www.mkffi.nrw\/sites\/default\/files\/asset\/document\/20210216_ministerschreiben_eltern_betrieb_ab_22.02._und_perspektiven.pdf\">Ministerschreiben an die Eltern zur Kindertagesbetreuung vom 22.02.-07.03.2021<\/a><\/p>\n\n\n\n<p><a href=\"https:\/\/www.mkffi.nrw\/sites\/default\/files\/asset\/document\/2021-02-19_coronabetrvo_ab_22.02.2021_lesefassung.pdf\">Corona Betreuungsverordnung ab dem 22.02.2021<\/a><\/p>\n","protected":false},"excerpt":{"rendered":"<p>Liebe Mamas, liebe Papas, liebe Elternund Gro\u00dfeltern, Onkel und Tanten \u2013&nbsp; Die Coronapandemie h\u00e4lt die Welt und all ihre Bewohner:innen weiterhin in Atem.Eine 4. Welle, hohe Infektionszahlen, neue Virusvarianten..Wichtig neben dem Infektionsschutz aus unserer Sicht: Schutz und Sicherung der (fr\u00fch)kindlichen Lebenswelten und Schutzr\u00e4ume.Kitas sollen weiterhin im Regelbetrieb ge\u00f6ffnet bleiben!F\u00fcr die Kinder sollen ein gr\u00f6\u00dftm\u00f6gliches Ma\u00df [&hellip;]<\/p>\n","protected":false},"author":1,"featured_media":0,"comment_status":"closed","ping_status":"open","sticky":false,"template":"","format":"standard","meta":{"footnotes":""},"categories":[1],"tags":[],"class_list":["post-984","post","type-post","status-publish","format-standard","hentry","category-allgemein"],"_links":{"self":[{"href":"http:\/\/www.jaeb-guetersloh.de\/index.php?rest_route=\/wp\/v2\/posts\/984","targetHints":{"allow":["GET"]}}],"collection":[{"href":"http:\/\/www.jaeb-guetersloh.de\/index.php?rest_route=\/wp\/v2\/posts"}],"about":[{"href":"http:\/\/www.jaeb-guetersloh.de\/index.php?rest_route=\/wp\/v2\/types\/post"}],"author":[{"embeddable":true,"href":"http:\/\/www.jaeb-guetersloh.de\/index.php?rest_route=\/wp\/v2\/users\/1"}],"replies":[{"embeddable":true,"href":"http:\/\/www.jaeb-guetersloh.de\/index.php?rest_route=%2Fwp%2Fv2%2Fcomments&post=984"}],"version-history":[{"count":3,"href":"http:\/\/www.jaeb-guetersloh.de\/index.php?rest_route=\/wp\/v2\/posts\/984\/revisions"}],"predecessor-version":[{"id":997,"href":"http:\/\/www.jaeb-guetersloh.de\/index.php?rest_route=\/wp\/v2\/posts\/984\/revisions\/997"}],"wp:attachment":[{"href":"http:\/\/www.jaeb-guetersloh.de\/index.php?rest_route=%2Fwp%2Fv2%2Fmedia&parent=984"}],"wp:term":[{"taxonomy":"category","embeddable":true,"href":"http:\/\/www.jaeb-guetersloh.de\/index.php?rest_route=%2Fwp%2Fv2%2Fcategories&post=984"},{"taxonomy":"post_tag","embeddable":true,"href":"http:\/\/www.jaeb-guetersloh.de\/index.php?rest_route=%2Fwp%2Fv2%2Ftags&post=984"}],"curies":[{"name":"wp","href":"https:\/\/api.w.org\/{rel}","templated":true}]}}